{"id":507,"date":"2024-09-05T12:00:00","date_gmt":"2024-09-05T15:00:00","guid":{"rendered":"https:\/\/v7brasil.com.br\/blog\/?p=507"},"modified":"2024-09-05T11:43:46","modified_gmt":"2024-09-05T14:43:46","slug":"2-anos-do-lancamento-do-mirante-do-lago","status":"publish","type":"post","link":"https:\/\/v7brasil.com.br\/blog\/2-anos-do-lancamento-do-mirante-do-lago\/","title":{"rendered":"2 anos do lan\u00e7amento do Mirante do Lago!"},"content":{"rendered":"\n<p>H\u00e1 2 anos, lan\u00e7\u00e1vamos com orgulho o <strong>Mirante do Lago<\/strong> em Uberl\u00e2ndia em parceria com a WV Empreendimentos! Um marco que trouxe inova\u00e7\u00e3o e qualidade de vida para a cidade, com vistas deslumbrantes e um conceito \u00fanico de morar bem. Agradecemos a todos que fizeram parte dessa jornada e celebramos o sucesso cont\u00ednuo deste empreendimento. Aguardem novidades!<\/p>\n\n\n\n<figure class=\"wp-block-gallery has-nested-images columns-default is-cropped wp-block-gallery-1 is-layout-flex wp-block-gallery-is-layout-flex\">\n<figure class=\"wp-block-image size-large\"><img decoding=\"async\" loading=\"lazy\" width=\"1024\" height=\"683\" data-id=\"510\" src=\"https:\/\/v7brasil.com.br\/blog\/wp-content\/uploads\/2024\/09\/Imagem16-1024x683.jpg\" alt=\"\" class=\"wp-image-510\" srcset=\"https:\/\/v7brasil.com.br\/blog\/wp-content\/uploads\/2024\/09\/Imagem16-1024x683.jpg 1024w, https:\/\/v7brasil.com.br\/blog\/wp-content\/uploads\/2024\/09\/Imagem16-300x200.jpg 300w, https:\/\/v7brasil.com.br\/blog\/wp-content\/uploads\/2024\/09\/Imagem16-768x512.jpg 768w, https:\/\/v7brasil.com.br\/blog\/wp-content\/uploads\/2024\/09\/Imagem16-750x500.jpg 750w, https:\/\/v7brasil.com.br\/blog\/wp-content\/uploads\/2024\/09\/Imagem16.jpg 1058w\" sizes=\"(max-width: 1024px) 100vw, 1024px\" \/><\/figure>\n\n\n\n<figure class=\"wp-block-image size-large\"><img decoding=\"async\" loading=\"lazy\" width=\"1024\" height=\"683\" data-id=\"511\" src=\"https:\/\/v7brasil.com.br\/blog\/wp-content\/uploads\/2024\/09\/Imagem15-1024x683.jpg\" alt=\"\" class=\"wp-image-511\" srcset=\"https:\/\/v7brasil.com.br\/blog\/wp-content\/uploads\/2024\/09\/Imagem15-1024x683.jpg 1024w, https:\/\/v7brasil.com.br\/blog\/wp-content\/uploads\/2024\/09\/Imagem15-300x200.jpg 300w, https:\/\/v7brasil.com.br\/blog\/wp-content\/uploads\/2024\/09\/Imagem15-768x512.jpg 768w, https:\/\/v7brasil.com.br\/blog\/wp-content\/uploads\/2024\/09\/Imagem15-750x500.jpg 750w, https:\/\/v7brasil.com.br\/blog\/wp-content\/uploads\/2024\/09\/Imagem15.jpg 1058w\" sizes=\"(max-width: 1024px) 100vw, 1024px\" \/><\/figure>\n\n\n\n<figure class=\"wp-block-image size-large\"><img decoding=\"async\" loading=\"lazy\" width=\"1024\" height=\"683\" data-id=\"512\" src=\"https:\/\/v7brasil.com.br\/blog\/wp-content\/uploads\/2024\/09\/Imagem13-1024x683.jpg\" alt=\"\" class=\"wp-image-512\" srcset=\"https:\/\/v7brasil.com.br\/blog\/wp-content\/uploads\/2024\/09\/Imagem13-1024x683.jpg 1024w, https:\/\/v7brasil.com.br\/blog\/wp-content\/uploads\/2024\/09\/Imagem13-300x200.jpg 300w, https:\/\/v7brasil.com.br\/blog\/wp-content\/uploads\/2024\/09\/Imagem13-768x512.jpg 768w, https:\/\/v7brasil.com.br\/blog\/wp-content\/uploads\/2024\/09\/Imagem13-750x500.jpg 750w, https:\/\/v7brasil.com.br\/blog\/wp-content\/uploads\/2024\/09\/Imagem13.jpg 1058w\" sizes=\"(max-width: 1024px) 100vw, 1024px\" \/><\/figure>\n\n\n\n<figure class=\"wp-block-image size-large\"><img decoding=\"async\" loading=\"lazy\" width=\"1024\" height=\"683\" data-id=\"513\" src=\"https:\/\/v7brasil.com.br\/blog\/wp-content\/uploads\/2024\/09\/Imagem12-1024x683.jpg\" alt=\"\" class=\"wp-image-513\" srcset=\"https:\/\/v7brasil.com.br\/blog\/wp-content\/uploads\/2024\/09\/Imagem12-1024x683.jpg 1024w, https:\/\/v7brasil.com.br\/blog\/wp-content\/uploads\/2024\/09\/Imagem12-300x200.jpg 300w, https:\/\/v7brasil.com.br\/blog\/wp-content\/uploads\/2024\/09\/Imagem12-768x512.jpg 768w, https:\/\/v7brasil.com.br\/blog\/wp-content\/uploads\/2024\/09\/Imagem12-750x500.jpg 750w, https:\/\/v7brasil.com.br\/blog\/wp-content\/uploads\/2024\/09\/Imagem12.jpg 1058w\" sizes=\"(max-width: 1024px) 100vw, 1024px\" \/><\/figure>\n\n\n\n<figure class=\"wp-block-image size-large\"><img decoding=\"async\" loading=\"lazy\" width=\"1024\" height=\"684\" data-id=\"514\" src=\"https:\/\/v7brasil.com.br\/blog\/wp-content\/uploads\/2024\/09\/Imagem11-1024x684.jpg\" alt=\"\" class=\"wp-image-514\" srcset=\"https:\/\/v7brasil.com.br\/blog\/wp-content\/uploads\/2024\/09\/Imagem11-1024x684.jpg 1024w, https:\/\/v7brasil.com.br\/blog\/wp-content\/uploads\/2024\/09\/Imagem11-300x200.jpg 300w, https:\/\/v7brasil.com.br\/blog\/wp-content\/uploads\/2024\/09\/Imagem11-768x513.jpg 768w, https:\/\/v7brasil.com.br\/blog\/wp-content\/uploads\/2024\/09\/Imagem11-750x501.jpg 750w, https:\/\/v7brasil.com.br\/blog\/wp-content\/uploads\/2024\/09\/Imagem11.jpg 1058w\" sizes=\"(max-width: 1024px) 100vw, 1024px\" \/><\/figure>\n\n\n\n<figure class=\"wp-block-image size-large\"><img decoding=\"async\" loading=\"lazy\" width=\"1024\" height=\"684\" data-id=\"515\" src=\"https:\/\/v7brasil.com.br\/blog\/wp-content\/uploads\/2024\/09\/Imagem10-1-1024x684.jpg\" alt=\"\" class=\"wp-image-515\" srcset=\"https:\/\/v7brasil.com.br\/blog\/wp-content\/uploads\/2024\/09\/Imagem10-1-1024x684.jpg 1024w, https:\/\/v7brasil.com.br\/blog\/wp-content\/uploads\/2024\/09\/Imagem10-1-300x200.jpg 300w, https:\/\/v7brasil.com.br\/blog\/wp-content\/uploads\/2024\/09\/Imagem10-1-768x513.jpg 768w, https:\/\/v7brasil.com.br\/blog\/wp-content\/uploads\/2024\/09\/Imagem10-1-750x501.jpg 750w, https:\/\/v7brasil.com.br\/blog\/wp-content\/uploads\/2024\/09\/Imagem10-1.jpg 1059w\" sizes=\"(max-width: 1024px) 100vw, 1024px\" \/><\/figure>\n<\/figure>\n","protected":false},"excerpt":{"rendered":"<p>H\u00e1 2 anos, lan\u00e7\u00e1vamos com orgulho o Mirante do Lago em Uberl\u00e2ndia em parceria com a WV Empreendimentos! Um marco que trouxe inova\u00e7\u00e3o e qualidade de vida para a cidade, com vistas deslumbrantes e um conceito \u00fanico de morar bem. Agradecemos a todos que fizeram parte dessa jornada e celebramos o sucesso cont\u00ednuo deste empreendimento. [&hellip;]<\/p>\n","protected":false},"author":2,"featured_media":508,"comment_status":"open","ping_status":"open","sticky":false,"template":"","format":"standard","meta":{"footnotes":""},"categories":[4],"tags":[],"yoast_head":"<!-- This site is optimized with the Yoast SEO plugin v20.4 - https:\/\/yoast.com\/wordpress\/plugins\/seo\/ -->\r\n<title>2 anos do lan\u00e7amento do Mirante do Lago! - V7Brasil - Blog<\/title>\r\n<meta name=\"robots\" content=\"index, follow, max-snippet:-1, max-image-preview:large, max-video-preview:-1\" \/>\r\n<link rel=\"canonical\" href=\"https:\/\/v7brasil.com.br\/blog\/2-anos-do-lancamento-do-mirante-do-lago\/\" \/>\r\n<meta property=\"og:locale\" content=\"pt_BR\" \/>\r\n<meta property=\"og:type\" content=\"article\" \/>\r\n<meta property=\"og:title\" content=\"2 anos do lan\u00e7amento do Mirante do Lago! - V7Brasil - Blog\" \/>\r\n<meta property=\"og:description\" content=\"H\u00e1 2 anos, lan\u00e7\u00e1vamos com orgulho o Mirante do Lago em Uberl\u00e2ndia em parceria com a WV Empreendimentos! Um marco que trouxe inova\u00e7\u00e3o e qualidade de vida para a cidade, com vistas deslumbrantes e um conceito \u00fanico de morar bem. Agradecemos a todos que fizeram parte dessa jornada e celebramos o sucesso cont\u00ednuo deste empreendimento. [&hellip;]\" \/>\r\n<meta property=\"og:url\" content=\"https:\/\/v7brasil.com.br\/blog\/2-anos-do-lancamento-do-mirante-do-lago\/\" \/>\r\n<meta property=\"og:site_name\" content=\"V7Brasil - Blog\" \/>\r\n<meta property=\"article:published_time\" content=\"2024-09-05T15:00:00+00:00\" \/>\r\n<meta property=\"article:modified_time\" content=\"2024-09-05T14:43:46+00:00\" \/>\r\n<meta property=\"og:image\" content=\"https:\/\/v7brasil.com.br\/blog\/wp-content\/uploads\/2024\/09\/Imagem9.jpg\" \/>\r\n\t<meta property=\"og:image:width\" content=\"1058\" \/>\r\n\t<meta property=\"og:image:height\" content=\"707\" \/>\r\n\t<meta property=\"og:image:type\" content=\"image\/jpeg\" \/>\r\n<meta name=\"author\" content=\"V7brasil\" \/>\r\n<meta name=\"twitter:card\" content=\"summary_large_image\" \/>\r\n<meta name=\"twitter:label1\" content=\"Escrito por\" \/>\n\t<meta name=\"twitter:data1\" content=\"V7brasil\" \/>\n\t<meta name=\"twitter:label2\" content=\"Est. tempo de leitura\" \/>\n\t<meta name=\"twitter:data2\" content=\"2 minutos\" \/>\r\n<script type=\"application\/ld+json\" class=\"yoast-schema-graph\">{\"@context\":\"https:\/\/schema.org\",\"@graph\":[{\"@type\":\"Article\",\"@id\":\"https:\/\/v7brasil.com.br\/blog\/2-anos-do-lancamento-do-mirante-do-lago\/#article\",\"isPartOf\":{\"@id\":\"https:\/\/v7brasil.com.br\/blog\/2-anos-do-lancamento-do-mirante-do-lago\/\"},\"author\":{\"name\":\"V7brasil\",\"@id\":\"https:\/\/v7brasil.com.br\/blog\/#\/schema\/person\/41b5306d4ced90720ad6652191e7fce9\"},\"headline\":\"2 anos do lan\u00e7amento do Mirante do Lago!\",\"datePublished\":\"2024-09-05T15:00:00+00:00\",\"dateModified\":\"2024-09-05T14:43:46+00:00\",\"mainEntityOfPage\":{\"@id\":\"https:\/\/v7brasil.com.br\/blog\/2-anos-do-lancamento-do-mirante-do-lago\/\"},\"wordCount\":68,\"commentCount\":0,\"publisher\":{\"@id\":\"https:\/\/v7brasil.com.br\/blog\/#organization\"},\"articleSection\":[\"Parcerias\"],\"inLanguage\":\"pt-BR\",\"potentialAction\":[{\"@type\":\"CommentAction\",\"name\":\"Comment\",\"target\":[\"https:\/\/v7brasil.com.br\/blog\/2-anos-do-lancamento-do-mirante-do-lago\/#respond\"]}]},{\"@type\":\"WebPage\",\"@id\":\"https:\/\/v7brasil.com.br\/blog\/2-anos-do-lancamento-do-mirante-do-lago\/\",\"url\":\"https:\/\/v7brasil.com.br\/blog\/2-anos-do-lancamento-do-mirante-do-lago\/\",\"name\":\"2 anos do lan\u00e7amento do Mirante do Lago! - V7Brasil - Blog\",\"isPartOf\":{\"@id\":\"https:\/\/v7brasil.com.br\/blog\/#website\"},\"datePublished\":\"2024-09-05T15:00:00+00:00\",\"dateModified\":\"2024-09-05T14:43:46+00:00\",\"breadcrumb\":{\"@id\":\"https:\/\/v7brasil.com.br\/blog\/2-anos-do-lancamento-do-mirante-do-lago\/#breadcrumb\"},\"inLanguage\":\"pt-BR\",\"potentialAction\":[{\"@type\":\"ReadAction\",\"target\":[\"https:\/\/v7brasil.com.br\/blog\/2-anos-do-lancamento-do-mirante-do-lago\/\"]}]},{\"@type\":\"BreadcrumbList\",\"@id\":\"https:\/\/v7brasil.com.br\/blog\/2-anos-do-lancamento-do-mirante-do-lago\/#breadcrumb\",\"itemListElement\":[{\"@type\":\"ListItem\",\"position\":1,\"name\":\"In\u00edcio\",\"item\":\"https:\/\/v7brasil.com.br\/blog\/\"},{\"@type\":\"ListItem\",\"position\":2,\"name\":\"2 anos do lan\u00e7amento do Mirante do Lago!\"}]},{\"@type\":\"WebSite\",\"@id\":\"https:\/\/v7brasil.com.br\/blog\/#website\",\"url\":\"https:\/\/v7brasil.com.br\/blog\/\",\"name\":\"V7Brasil - Blog\",\"description\":\"Veja todas a nossas novidades sobre suporte estrat\u00e9gico e operacional para lan\u00e7amentos, vendas, treinamento de equipes e desenvolvimento de produtos\",\"publisher\":{\"@id\":\"https:\/\/v7brasil.com.br\/blog\/#organization\"},\"potentialAction\":[{\"@type\":\"SearchAction\",\"target\":{\"@type\":\"EntryPoint\",\"urlTemplate\":\"https:\/\/v7brasil.com.br\/blog\/?s={search_term_string}\"},\"query-input\":\"required name=search_term_string\"}],\"inLanguage\":\"pt-BR\"},{\"@type\":\"Organization\",\"@id\":\"https:\/\/v7brasil.com.br\/blog\/#organization\",\"name\":\"V7Brasil - Blog\",\"url\":\"https:\/\/v7brasil.com.br\/blog\/\",\"logo\":{\"@type\":\"ImageObject\",\"inLanguage\":\"pt-BR\",\"@id\":\"https:\/\/v7brasil.com.br\/blog\/#\/schema\/logo\/image\/\",\"url\":\"https:\/\/v7brasil.com.br\/blog\/wp-content\/uploads\/2023\/04\/v7-user-logo.jpg\",\"contentUrl\":\"https:\/\/v7brasil.com.br\/blog\/wp-content\/uploads\/2023\/04\/v7-user-logo.jpg\",\"width\":250,\"height\":250,\"caption\":\"V7Brasil - Blog\"},\"image\":{\"@id\":\"https:\/\/v7brasil.com.br\/blog\/#\/schema\/logo\/image\/\"},\"sameAs\":[\"https:\/\/www.youtube.com\/@v7brasilestrategiaeplaneja785\",\"https:\/\/www.instagram.com\/v7.brasil\/\",\"https:\/\/www.linkedin.com\/company\/v7brasil-estrategia-e-gesto-imobiliaria\/\"]},{\"@type\":\"Person\",\"@id\":\"https:\/\/v7brasil.com.br\/blog\/#\/schema\/person\/41b5306d4ced90720ad6652191e7fce9\",\"name\":\"V7brasil\",\"image\":{\"@type\":\"ImageObject\",\"inLanguage\":\"pt-BR\",\"@id\":\"https:\/\/v7brasil.com.br\/blog\/#\/schema\/person\/image\/\",\"url\":\"https:\/\/v7brasil.com.br\/blog\/wp-content\/uploads\/2023\/04\/v7-user-logo-96x96.jpg\",\"contentUrl\":\"https:\/\/v7brasil.com.br\/blog\/wp-content\/uploads\/2023\/04\/v7-user-logo-96x96.jpg\",\"caption\":\"V7brasil\"},\"url\":\"https:\/\/v7brasil.com.br\/blog\/author\/v7-brasil\/\"}]}<\/script>\r\n<!-- \/ Yoast SEO plugin. -->","yoast_head_json":{"title":"2 anos do lan\u00e7amento do Mirante do Lago! - V7Brasil - Blog","robots":{"index":"index","follow":"follow","max-snippet":"max-snippet:-1","max-image-preview":"max-image-preview:large","max-video-preview":"max-video-preview:-1"},"canonical":"https:\/\/v7brasil.com.br\/blog\/2-anos-do-lancamento-do-mirante-do-lago\/","og_locale":"pt_BR","og_type":"article","og_title":"2 anos do lan\u00e7amento do Mirante do Lago! - V7Brasil - Blog","og_description":"H\u00e1 2 anos, lan\u00e7\u00e1vamos com orgulho o Mirante do Lago em Uberl\u00e2ndia em parceria com a WV Empreendimentos! Um marco que trouxe inova\u00e7\u00e3o e qualidade de vida para a cidade, com vistas deslumbrantes e um conceito \u00fanico de morar bem. Agradecemos a todos que fizeram parte dessa jornada e celebramos o sucesso cont\u00ednuo deste empreendimento. [&hellip;]","og_url":"https:\/\/v7brasil.com.br\/blog\/2-anos-do-lancamento-do-mirante-do-lago\/","og_site_name":"V7Brasil - Blog","article_published_time":"2024-09-05T15:00:00+00:00","article_modified_time":"2024-09-05T14:43:46+00:00","og_image":[{"width":1058,"height":707,"url":"https:\/\/v7brasil.com.br\/blog\/wp-content\/uploads\/2024\/09\/Imagem9.jpg","type":"image\/jpeg"}],"author":"V7brasil","twitter_card":"summary_large_image","twitter_misc":{"Escrito por":"V7brasil","Est. tempo de leitura":"2 minutos"},"schema":{"@context":"https:\/\/schema.org","@graph":[{"@type":"Article","@id":"https:\/\/v7brasil.com.br\/blog\/2-anos-do-lancamento-do-mirante-do-lago\/#article","isPartOf":{"@id":"https:\/\/v7brasil.com.br\/blog\/2-anos-do-lancamento-do-mirante-do-lago\/"},"author":{"name":"V7brasil","@id":"https:\/\/v7brasil.com.br\/blog\/#\/schema\/person\/41b5306d4ced90720ad6652191e7fce9"},"headline":"2 anos do lan\u00e7amento do Mirante do Lago!","datePublished":"2024-09-05T15:00:00+00:00","dateModified":"2024-09-05T14:43:46+00:00","mainEntityOfPage":{"@id":"https:\/\/v7brasil.com.br\/blog\/2-anos-do-lancamento-do-mirante-do-lago\/"},"wordCount":68,"commentCount":0,"publisher":{"@id":"https:\/\/v7brasil.com.br\/blog\/#organization"},"articleSection":["Parcerias"],"inLanguage":"pt-BR","potentialAction":[{"@type":"CommentAction","name":"Comment","target":["https:\/\/v7brasil.com.br\/blog\/2-anos-do-lancamento-do-mirante-do-lago\/#respond"]}]},{"@type":"WebPage","@id":"https:\/\/v7brasil.com.br\/blog\/2-anos-do-lancamento-do-mirante-do-lago\/","url":"https:\/\/v7brasil.com.br\/blog\/2-anos-do-lancamento-do-mirante-do-lago\/","name":"2 anos do lan\u00e7amento do Mirante do Lago! - V7Brasil - Blog","isPartOf":{"@id":"https:\/\/v7brasil.com.br\/blog\/#website"},"datePublished":"2024-09-05T15:00:00+00:00","dateModified":"2024-09-05T14:43:46+00:00","breadcrumb":{"@id":"https:\/\/v7brasil.com.br\/blog\/2-anos-do-lancamento-do-mirante-do-lago\/#breadcrumb"},"inLanguage":"pt-BR","potentialAction":[{"@type":"ReadAction","target":["https:\/\/v7brasil.com.br\/blog\/2-anos-do-lancamento-do-mirante-do-lago\/"]}]},{"@type":"BreadcrumbList","@id":"https:\/\/v7brasil.com.br\/blog\/2-anos-do-lancamento-do-mirante-do-lago\/#breadcrumb","itemListElement":[{"@type":"ListItem","position":1,"name":"In\u00edcio","item":"https:\/\/v7brasil.com.br\/blog\/"},{"@type":"ListItem","position":2,"name":"2 anos do lan\u00e7amento do Mirante do Lago!"}]},{"@type":"WebSite","@id":"https:\/\/v7brasil.com.br\/blog\/#website","url":"https:\/\/v7brasil.com.br\/blog\/","name":"V7Brasil - Blog","description":"Veja todas a nossas novidades sobre suporte estrat\u00e9gico e operacional para lan\u00e7amentos, vendas, treinamento de equipes e desenvolvimento de produtos","publisher":{"@id":"https:\/\/v7brasil.com.br\/blog\/#organization"},"potentialAction":[{"@type":"SearchAction","target":{"@type":"EntryPoint","urlTemplate":"https:\/\/v7brasil.com.br\/blog\/?s={search_term_string}"},"query-input":"required name=search_term_string"}],"inLanguage":"pt-BR"},{"@type":"Organization","@id":"https:\/\/v7brasil.com.br\/blog\/#organization","name":"V7Brasil - Blog","url":"https:\/\/v7brasil.com.br\/blog\/","logo":{"@type":"ImageObject","inLanguage":"pt-BR","@id":"https:\/\/v7brasil.com.br\/blog\/#\/schema\/logo\/image\/","url":"https:\/\/v7brasil.com.br\/blog\/wp-content\/uploads\/2023\/04\/v7-user-logo.jpg","contentUrl":"https:\/\/v7brasil.com.br\/blog\/wp-content\/uploads\/2023\/04\/v7-user-logo.jpg","width":250,"height":250,"caption":"V7Brasil - Blog"},"image":{"@id":"https:\/\/v7brasil.com.br\/blog\/#\/schema\/logo\/image\/"},"sameAs":["https:\/\/www.youtube.com\/@v7brasilestrategiaeplaneja785","https:\/\/www.instagram.com\/v7.brasil\/","https:\/\/www.linkedin.com\/company\/v7brasil-estrategia-e-gesto-imobiliaria\/"]},{"@type":"Person","@id":"https:\/\/v7brasil.com.br\/blog\/#\/schema\/person\/41b5306d4ced90720ad6652191e7fce9","name":"V7brasil","image":{"@type":"ImageObject","inLanguage":"pt-BR","@id":"https:\/\/v7brasil.com.br\/blog\/#\/schema\/person\/image\/","url":"https:\/\/v7brasil.com.br\/blog\/wp-content\/uploads\/2023\/04\/v7-user-logo-96x96.jpg","contentUrl":"https:\/\/v7brasil.com.br\/blog\/wp-content\/uploads\/2023\/04\/v7-user-logo-96x96.jpg","caption":"V7brasil"},"url":"https:\/\/v7brasil.com.br\/blog\/author\/v7-brasil\/"}]}},"_links":{"self":[{"href":"https:\/\/v7brasil.com.br\/blog\/wp-json\/wp\/v2\/posts\/507"}],"collection":[{"href":"https:\/\/v7brasil.com.br\/blog\/wp-json\/wp\/v2\/posts"}],"about":[{"href":"https:\/\/v7brasil.com.br\/blog\/wp-json\/wp\/v2\/types\/post"}],"author":[{"embeddable":true,"href":"https:\/\/v7brasil.com.br\/blog\/wp-json\/wp\/v2\/users\/2"}],"replies":[{"embeddable":true,"href":"https:\/\/v7brasil.com.br\/blog\/wp-json\/wp\/v2\/comments?post=507"}],"version-history":[{"count":1,"href":"https:\/\/v7brasil.com.br\/blog\/wp-json\/wp\/v2\/posts\/507\/revisions"}],"predecessor-version":[{"id":516,"href":"https:\/\/v7brasil.com.br\/blog\/wp-json\/wp\/v2\/posts\/507\/revisions\/516"}],"wp:featuredmedia":[{"embeddable":true,"href":"https:\/\/v7brasil.com.br\/blog\/wp-json\/wp\/v2\/media\/508"}],"wp:attachment":[{"href":"https:\/\/v7brasil.com.br\/blog\/wp-json\/wp\/v2\/media?parent=507"}],"wp:term":[{"taxonomy":"category","embeddable":true,"href":"https:\/\/v7brasil.com.br\/blog\/wp-json\/wp\/v2\/categories?post=507"},{"taxonomy":"post_tag","embeddable":true,"href":"https:\/\/v7brasil.com.br\/blog\/wp-json\/wp\/v2\/tags?post=507"}],"curies":[{"name":"wp","href":"https:\/\/api.w.org\/{rel}","templated":true}]}}