{"id":400,"date":"2024-06-13T17:10:28","date_gmt":"2024-06-13T20:10:28","guid":{"rendered":"https:\/\/v7brasil.com.br\/blog\/?p=400"},"modified":"2024-06-13T17:10:30","modified_gmt":"2024-06-13T20:10:30","slug":"vila-amelia-bairro-planejado-sao-jose-dos-campos","status":"publish","type":"post","link":"https:\/\/v7brasil.com.br\/blog\/vila-amelia-bairro-planejado-sao-jose-dos-campos\/","title":{"rendered":"Vila Am\u00e9lia &#8211; Bairro Planejado\/ S\u00e3o Jos\u00e9 dos Campos"},"content":{"rendered":"\n<p>Dia de #TBT com o lan\u00e7amento do Vila Am\u00e9lia em S\u00e3o Jos\u00e9 dos Campos, um dos case somados aos sucessos V7brasil.<\/p>\n\n\n\n<p>Lan\u00e7amento Especial com muita sinergia e resultado positivo!! Abrimos a loja em novembro\/21 e no in\u00edcio de dezembro foi dada a largada na abertura de vendas!<\/p>\n\n\n\n<p>O resultado de muito trabalho e dedica\u00e7\u00e3o atinge os 50% vendidos em 48 horas.<br>Relembro essa jornada de sucesso acessando no nosso canal do YouTube: <a href=\"https:\/\/www.youtube.com\/shorts\/Z2ljJtm2Kv0\">V\u00eddeo do Lan\u00e7amento<\/a><\/p>\n","protected":false},"excerpt":{"rendered":"<p>Dia de #TBT com o lan\u00e7amento do Vila Am\u00e9lia em S\u00e3o Jos\u00e9 dos Campos, um dos case somados aos sucessos V7brasil. Lan\u00e7amento Especial com muita sinergia e resultado positivo!! Abrimos a loja em novembro\/21 e no in\u00edcio de dezembro foi dada a largada na abertura de vendas! O resultado de muito trabalho e dedica\u00e7\u00e3o atinge [&hellip;]<\/p>\n","protected":false},"author":2,"featured_media":0,"comment_status":"open","ping_status":"open","sticky":false,"template":"","format":"standard","meta":{"footnotes":""},"categories":[5],"tags":[],"yoast_head":"<!-- This site is optimized with the Yoast SEO plugin v20.4 - https:\/\/yoast.com\/wordpress\/plugins\/seo\/ -->\r\n<title>Vila Am\u00e9lia - Bairro Planejado\/ S\u00e3o Jos\u00e9 dos Campos - V7Brasil - Blog<\/title>\r\n<meta name=\"description\" content=\"Lan\u00e7amento Especial com muita sinergia e resultado positivo!! Abrimos a loja em novembro\/21 e no in\u00edcio de dezembro foi dada a largada na abertura de vendas!O resultado de muito trabalho e dedica\u00e7\u00e3o atinge os 50% vendidos em 48 horas.\" \/>\r\n<meta name=\"robots\" content=\"index, follow, max-snippet:-1, max-image-preview:large, max-video-preview:-1\" \/>\r\n<link rel=\"canonical\" href=\"https:\/\/v7brasil.com.br\/blog\/vila-amelia-bairro-planejado-sao-jose-dos-campos\/\" \/>\r\n<meta property=\"og:locale\" content=\"pt_BR\" \/>\r\n<meta property=\"og:type\" content=\"article\" \/>\r\n<meta property=\"og:title\" content=\"Vila Am\u00e9lia - Bairro Planejado\/ S\u00e3o Jos\u00e9 dos Campos - V7Brasil - Blog\" \/>\r\n<meta property=\"og:description\" content=\"Lan\u00e7amento Especial com muita sinergia e resultado positivo!! Abrimos a loja em novembro\/21 e no in\u00edcio de dezembro foi dada a largada na abertura de vendas!O resultado de muito trabalho e dedica\u00e7\u00e3o atinge os 50% vendidos em 48 horas.\" \/>\r\n<meta property=\"og:url\" content=\"https:\/\/v7brasil.com.br\/blog\/vila-amelia-bairro-planejado-sao-jose-dos-campos\/\" \/>\r\n<meta property=\"og:site_name\" content=\"V7Brasil - Blog\" \/>\r\n<meta property=\"article:published_time\" content=\"2024-06-13T20:10:28+00:00\" \/>\r\n<meta property=\"article:modified_time\" content=\"2024-06-13T20:10:30+00:00\" \/>\r\n<meta property=\"og:image\" content=\"https:\/\/v7brasil.com.br\/blog\/wp-content\/uploads\/2024\/03\/logo-link-compartilhamento.jpg\" \/>\r\n\t<meta property=\"og:image:width\" content=\"400\" \/>\r\n\t<meta property=\"og:image:height\" content=\"400\" \/>\r\n\t<meta property=\"og:image:type\" content=\"image\/jpeg\" \/>\r\n<meta name=\"author\" content=\"V7brasil\" \/>\r\n<meta name=\"twitter:card\" content=\"summary_large_image\" \/>\r\n<meta name=\"twitter:label1\" content=\"Escrito por\" \/>\n\t<meta name=\"twitter:data1\" content=\"V7brasil\" \/>\n\t<meta name=\"twitter:label2\" content=\"Est. tempo de leitura\" \/>\n\t<meta name=\"twitter:data2\" content=\"1 minuto\" \/>\r\n<script type=\"application\/ld+json\" class=\"yoast-schema-graph\">{\"@context\":\"https:\/\/schema.org\",\"@graph\":[{\"@type\":\"Article\",\"@id\":\"https:\/\/v7brasil.com.br\/blog\/vila-amelia-bairro-planejado-sao-jose-dos-campos\/#article\",\"isPartOf\":{\"@id\":\"https:\/\/v7brasil.com.br\/blog\/vila-amelia-bairro-planejado-sao-jose-dos-campos\/\"},\"author\":{\"name\":\"V7brasil\",\"@id\":\"https:\/\/v7brasil.com.br\/blog\/#\/schema\/person\/41b5306d4ced90720ad6652191e7fce9\"},\"headline\":\"Vila Am\u00e9lia &#8211; Bairro Planejado\/ S\u00e3o Jos\u00e9 dos Campos\",\"datePublished\":\"2024-06-13T20:10:28+00:00\",\"dateModified\":\"2024-06-13T20:10:30+00:00\",\"mainEntityOfPage\":{\"@id\":\"https:\/\/v7brasil.com.br\/blog\/vila-amelia-bairro-planejado-sao-jose-dos-campos\/\"},\"wordCount\":93,\"commentCount\":0,\"publisher\":{\"@id\":\"https:\/\/v7brasil.com.br\/blog\/#organization\"},\"articleSection\":[\"Cases\"],\"inLanguage\":\"pt-BR\",\"potentialAction\":[{\"@type\":\"CommentAction\",\"name\":\"Comment\",\"target\":[\"https:\/\/v7brasil.com.br\/blog\/vila-amelia-bairro-planejado-sao-jose-dos-campos\/#respond\"]}]},{\"@type\":\"WebPage\",\"@id\":\"https:\/\/v7brasil.com.br\/blog\/vila-amelia-bairro-planejado-sao-jose-dos-campos\/\",\"url\":\"https:\/\/v7brasil.com.br\/blog\/vila-amelia-bairro-planejado-sao-jose-dos-campos\/\",\"name\":\"Vila Am\u00e9lia - Bairro Planejado\/ S\u00e3o Jos\u00e9 dos Campos - V7Brasil - Blog\",\"isPartOf\":{\"@id\":\"https:\/\/v7brasil.com.br\/blog\/#website\"},\"datePublished\":\"2024-06-13T20:10:28+00:00\",\"dateModified\":\"2024-06-13T20:10:30+00:00\",\"description\":\"Lan\u00e7amento Especial com muita sinergia e resultado positivo!! Abrimos a loja em novembro\/21 e no in\u00edcio de dezembro foi dada a largada na abertura de vendas!O resultado de muito trabalho e dedica\u00e7\u00e3o atinge os 50% vendidos em 48 horas.\",\"breadcrumb\":{\"@id\":\"https:\/\/v7brasil.com.br\/blog\/vila-amelia-bairro-planejado-sao-jose-dos-campos\/#breadcrumb\"},\"inLanguage\":\"pt-BR\",\"potentialAction\":[{\"@type\":\"ReadAction\",\"target\":[\"https:\/\/v7brasil.com.br\/blog\/vila-amelia-bairro-planejado-sao-jose-dos-campos\/\"]}]},{\"@type\":\"BreadcrumbList\",\"@id\":\"https:\/\/v7brasil.com.br\/blog\/vila-amelia-bairro-planejado-sao-jose-dos-campos\/#breadcrumb\",\"itemListElement\":[{\"@type\":\"ListItem\",\"position\":1,\"name\":\"In\u00edcio\",\"item\":\"https:\/\/v7brasil.com.br\/blog\/\"},{\"@type\":\"ListItem\",\"position\":2,\"name\":\"Vila Am\u00e9lia &#8211; Bairro Planejado\/ S\u00e3o Jos\u00e9 dos Campos\"}]},{\"@type\":\"WebSite\",\"@id\":\"https:\/\/v7brasil.com.br\/blog\/#website\",\"url\":\"https:\/\/v7brasil.com.br\/blog\/\",\"name\":\"V7Brasil - Blog\",\"description\":\"Veja todas a nossas novidades sobre suporte estrat\u00e9gico e operacional para lan\u00e7amentos, vendas, treinamento de equipes e desenvolvimento de produtos\",\"publisher\":{\"@id\":\"https:\/\/v7brasil.com.br\/blog\/#organization\"},\"potentialAction\":[{\"@type\":\"SearchAction\",\"target\":{\"@type\":\"EntryPoint\",\"urlTemplate\":\"https:\/\/v7brasil.com.br\/blog\/?s={search_term_string}\"},\"query-input\":\"required name=search_term_string\"}],\"inLanguage\":\"pt-BR\"},{\"@type\":\"Organization\",\"@id\":\"https:\/\/v7brasil.com.br\/blog\/#organization\",\"name\":\"V7Brasil - Blog\",\"url\":\"https:\/\/v7brasil.com.br\/blog\/\",\"logo\":{\"@type\":\"ImageObject\",\"inLanguage\":\"pt-BR\",\"@id\":\"https:\/\/v7brasil.com.br\/blog\/#\/schema\/logo\/image\/\",\"url\":\"https:\/\/v7brasil.com.br\/blog\/wp-content\/uploads\/2023\/04\/v7-user-logo.jpg\",\"contentUrl\":\"https:\/\/v7brasil.com.br\/blog\/wp-content\/uploads\/2023\/04\/v7-user-logo.jpg\",\"width\":250,\"height\":250,\"caption\":\"V7Brasil - Blog\"},\"image\":{\"@id\":\"https:\/\/v7brasil.com.br\/blog\/#\/schema\/logo\/image\/\"},\"sameAs\":[\"https:\/\/www.youtube.com\/@v7brasilestrategiaeplaneja785\",\"https:\/\/www.instagram.com\/v7.brasil\/\",\"https:\/\/www.linkedin.com\/company\/v7brasil-estrategia-e-gesto-imobiliaria\/\"]},{\"@type\":\"Person\",\"@id\":\"https:\/\/v7brasil.com.br\/blog\/#\/schema\/person\/41b5306d4ced90720ad6652191e7fce9\",\"name\":\"V7brasil\",\"image\":{\"@type\":\"ImageObject\",\"inLanguage\":\"pt-BR\",\"@id\":\"https:\/\/v7brasil.com.br\/blog\/#\/schema\/person\/image\/\",\"url\":\"https:\/\/v7brasil.com.br\/blog\/wp-content\/uploads\/2023\/04\/v7-user-logo-96x96.jpg\",\"contentUrl\":\"https:\/\/v7brasil.com.br\/blog\/wp-content\/uploads\/2023\/04\/v7-user-logo-96x96.jpg\",\"caption\":\"V7brasil\"},\"url\":\"https:\/\/v7brasil.com.br\/blog\/author\/v7-brasil\/\"}]}<\/script>\r\n<!-- \/ Yoast SEO plugin. -->","yoast_head_json":{"title":"Vila Am\u00e9lia - Bairro Planejado\/ S\u00e3o Jos\u00e9 dos Campos - V7Brasil - Blog","description":"Lan\u00e7amento Especial com muita sinergia e resultado positivo!! Abrimos a loja em novembro\/21 e no in\u00edcio de dezembro foi dada a largada na abertura de vendas!O resultado de muito trabalho e dedica\u00e7\u00e3o atinge os 50% vendidos em 48 horas.","robots":{"index":"index","follow":"follow","max-snippet":"max-snippet:-1","max-image-preview":"max-image-preview:large","max-video-preview":"max-video-preview:-1"},"canonical":"https:\/\/v7brasil.com.br\/blog\/vila-amelia-bairro-planejado-sao-jose-dos-campos\/","og_locale":"pt_BR","og_type":"article","og_title":"Vila Am\u00e9lia - Bairro Planejado\/ S\u00e3o Jos\u00e9 dos Campos - V7Brasil - Blog","og_description":"Lan\u00e7amento Especial com muita sinergia e resultado positivo!! Abrimos a loja em novembro\/21 e no in\u00edcio de dezembro foi dada a largada na abertura de vendas!O resultado de muito trabalho e dedica\u00e7\u00e3o atinge os 50% vendidos em 48 horas.","og_url":"https:\/\/v7brasil.com.br\/blog\/vila-amelia-bairro-planejado-sao-jose-dos-campos\/","og_site_name":"V7Brasil - Blog","article_published_time":"2024-06-13T20:10:28+00:00","article_modified_time":"2024-06-13T20:10:30+00:00","og_image":[{"width":400,"height":400,"url":"https:\/\/v7brasil.com.br\/blog\/wp-content\/uploads\/2024\/03\/logo-link-compartilhamento.jpg","type":"image\/jpeg"}],"author":"V7brasil","twitter_card":"summary_large_image","twitter_misc":{"Escrito por":"V7brasil","Est. tempo de leitura":"1 minuto"},"schema":{"@context":"https:\/\/schema.org","@graph":[{"@type":"Article","@id":"https:\/\/v7brasil.com.br\/blog\/vila-amelia-bairro-planejado-sao-jose-dos-campos\/#article","isPartOf":{"@id":"https:\/\/v7brasil.com.br\/blog\/vila-amelia-bairro-planejado-sao-jose-dos-campos\/"},"author":{"name":"V7brasil","@id":"https:\/\/v7brasil.com.br\/blog\/#\/schema\/person\/41b5306d4ced90720ad6652191e7fce9"},"headline":"Vila Am\u00e9lia &#8211; Bairro Planejado\/ S\u00e3o Jos\u00e9 dos Campos","datePublished":"2024-06-13T20:10:28+00:00","dateModified":"2024-06-13T20:10:30+00:00","mainEntityOfPage":{"@id":"https:\/\/v7brasil.com.br\/blog\/vila-amelia-bairro-planejado-sao-jose-dos-campos\/"},"wordCount":93,"commentCount":0,"publisher":{"@id":"https:\/\/v7brasil.com.br\/blog\/#organization"},"articleSection":["Cases"],"inLanguage":"pt-BR","potentialAction":[{"@type":"CommentAction","name":"Comment","target":["https:\/\/v7brasil.com.br\/blog\/vila-amelia-bairro-planejado-sao-jose-dos-campos\/#respond"]}]},{"@type":"WebPage","@id":"https:\/\/v7brasil.com.br\/blog\/vila-amelia-bairro-planejado-sao-jose-dos-campos\/","url":"https:\/\/v7brasil.com.br\/blog\/vila-amelia-bairro-planejado-sao-jose-dos-campos\/","name":"Vila Am\u00e9lia - Bairro Planejado\/ S\u00e3o Jos\u00e9 dos Campos - V7Brasil - Blog","isPartOf":{"@id":"https:\/\/v7brasil.com.br\/blog\/#website"},"datePublished":"2024-06-13T20:10:28+00:00","dateModified":"2024-06-13T20:10:30+00:00","description":"Lan\u00e7amento Especial com muita sinergia e resultado positivo!! Abrimos a loja em novembro\/21 e no in\u00edcio de dezembro foi dada a largada na abertura de vendas!O resultado de muito trabalho e dedica\u00e7\u00e3o atinge os 50% vendidos em 48 horas.","breadcrumb":{"@id":"https:\/\/v7brasil.com.br\/blog\/vila-amelia-bairro-planejado-sao-jose-dos-campos\/#breadcrumb"},"inLanguage":"pt-BR","potentialAction":[{"@type":"ReadAction","target":["https:\/\/v7brasil.com.br\/blog\/vila-amelia-bairro-planejado-sao-jose-dos-campos\/"]}]},{"@type":"BreadcrumbList","@id":"https:\/\/v7brasil.com.br\/blog\/vila-amelia-bairro-planejado-sao-jose-dos-campos\/#breadcrumb","itemListElement":[{"@type":"ListItem","position":1,"name":"In\u00edcio","item":"https:\/\/v7brasil.com.br\/blog\/"},{"@type":"ListItem","position":2,"name":"Vila Am\u00e9lia &#8211; Bairro Planejado\/ S\u00e3o Jos\u00e9 dos Campos"}]},{"@type":"WebSite","@id":"https:\/\/v7brasil.com.br\/blog\/#website","url":"https:\/\/v7brasil.com.br\/blog\/","name":"V7Brasil - Blog","description":"Veja todas a nossas novidades sobre suporte estrat\u00e9gico e operacional para lan\u00e7amentos, vendas, treinamento de equipes e desenvolvimento de produtos","publisher":{"@id":"https:\/\/v7brasil.com.br\/blog\/#organization"},"potentialAction":[{"@type":"SearchAction","target":{"@type":"EntryPoint","urlTemplate":"https:\/\/v7brasil.com.br\/blog\/?s={search_term_string}"},"query-input":"required name=search_term_string"}],"inLanguage":"pt-BR"},{"@type":"Organization","@id":"https:\/\/v7brasil.com.br\/blog\/#organization","name":"V7Brasil - Blog","url":"https:\/\/v7brasil.com.br\/blog\/","logo":{"@type":"ImageObject","inLanguage":"pt-BR","@id":"https:\/\/v7brasil.com.br\/blog\/#\/schema\/logo\/image\/","url":"https:\/\/v7brasil.com.br\/blog\/wp-content\/uploads\/2023\/04\/v7-user-logo.jpg","contentUrl":"https:\/\/v7brasil.com.br\/blog\/wp-content\/uploads\/2023\/04\/v7-user-logo.jpg","width":250,"height":250,"caption":"V7Brasil - Blog"},"image":{"@id":"https:\/\/v7brasil.com.br\/blog\/#\/schema\/logo\/image\/"},"sameAs":["https:\/\/www.youtube.com\/@v7brasilestrategiaeplaneja785","https:\/\/www.instagram.com\/v7.brasil\/","https:\/\/www.linkedin.com\/company\/v7brasil-estrategia-e-gesto-imobiliaria\/"]},{"@type":"Person","@id":"https:\/\/v7brasil.com.br\/blog\/#\/schema\/person\/41b5306d4ced90720ad6652191e7fce9","name":"V7brasil","image":{"@type":"ImageObject","inLanguage":"pt-BR","@id":"https:\/\/v7brasil.com.br\/blog\/#\/schema\/person\/image\/","url":"https:\/\/v7brasil.com.br\/blog\/wp-content\/uploads\/2023\/04\/v7-user-logo-96x96.jpg","contentUrl":"https:\/\/v7brasil.com.br\/blog\/wp-content\/uploads\/2023\/04\/v7-user-logo-96x96.jpg","caption":"V7brasil"},"url":"https:\/\/v7brasil.com.br\/blog\/author\/v7-brasil\/"}]}},"_links":{"self":[{"href":"https:\/\/v7brasil.com.br\/blog\/wp-json\/wp\/v2\/posts\/400"}],"collection":[{"href":"https:\/\/v7brasil.com.br\/blog\/wp-json\/wp\/v2\/posts"}],"about":[{"href":"https:\/\/v7brasil.com.br\/blog\/wp-json\/wp\/v2\/types\/post"}],"author":[{"embeddable":true,"href":"https:\/\/v7brasil.com.br\/blog\/wp-json\/wp\/v2\/users\/2"}],"replies":[{"embeddable":true,"href":"https:\/\/v7brasil.com.br\/blog\/wp-json\/wp\/v2\/comments?post=400"}],"version-history":[{"count":1,"href":"https:\/\/v7brasil.com.br\/blog\/wp-json\/wp\/v2\/posts\/400\/revisions"}],"predecessor-version":[{"id":401,"href":"https:\/\/v7brasil.com.br\/blog\/wp-json\/wp\/v2\/posts\/400\/revisions\/401"}],"wp:attachment":[{"href":"https:\/\/v7brasil.com.br\/blog\/wp-json\/wp\/v2\/media?parent=400"}],"wp:term":[{"taxonomy":"category","embeddable":true,"href":"https:\/\/v7brasil.com.br\/blog\/wp-json\/wp\/v2\/categories?post=400"},{"taxonomy":"post_tag","embeddable":true,"href":"https:\/\/v7brasil.com.br\/blog\/wp-json\/wp\/v2\/tags?post=400"}],"curies":[{"name":"wp","href":"https:\/\/api.w.org\/{rel}","templated":true}]}}