{"id":396,"date":"2024-06-11T10:32:57","date_gmt":"2024-06-11T13:32:57","guid":{"rendered":"https:\/\/v7brasil.com.br\/blog\/?p=396"},"modified":"2024-06-11T10:32:59","modified_gmt":"2024-06-11T13:32:59","slug":"festa-junina-no-reserva-bellano-itatiba-sp","status":"publish","type":"post","link":"https:\/\/v7brasil.com.br\/blog\/festa-junina-no-reserva-bellano-itatiba-sp\/","title":{"rendered":"Festa Junina no Reserva Bellano &#8211; Itatiba\/SP"},"content":{"rendered":"\n<p>No \u00faltimo s\u00e1bado (8), em clima de Festa Junina, a Fibra Experts inaugurou o Reserva Bellano , nosso bairro planejado em Itatiba, S\u00e3o Paulo.<br><br>O evento aconteceu na Pra\u00e7a do Sol, junto \u00e0 sede da associa\u00e7\u00e3o dos moradores, e contou com a presen\u00e7a dos novos residentes e autoridades municipais.<br><br>O Reserva Bellano \u00e9 mais do que um bairro. Ele representa a vis\u00e3o inovadora da Fibra Experts sobre urbanismo e nossa preocupa\u00e7\u00e3o com as pessoas. Estamos muito orgulhosos da entrega neste projeto.<br><br>Assista ao v\u00eddeo no nosso YouTube <a href=\"https:\/\/www.youtube.com\/watch?v=PBnkLGhLDZQ&amp;t=13s \">https:\/\/www.youtube.com\/watch?v=PBnkLGhLDZQ&amp;t=13s <\/a>e confira o arraial.\u00a0\ud83c\udf8a<\/p>\n","protected":false},"excerpt":{"rendered":"<p>No \u00faltimo s\u00e1bado (8), em clima de Festa Junina, a Fibra Experts inaugurou o Reserva Bellano , nosso bairro planejado em Itatiba, S\u00e3o Paulo. O evento aconteceu na Pra\u00e7a do Sol, junto \u00e0 sede da associa\u00e7\u00e3o dos moradores, e contou com a presen\u00e7a dos novos residentes e autoridades municipais. O Reserva Bellano \u00e9 mais do [&hellip;]<\/p>\n","protected":false},"author":2,"featured_media":0,"comment_status":"open","ping_status":"open","sticky":false,"template":"","format":"standard","meta":{"footnotes":""},"categories":[1],"tags":[],"yoast_head":"<!-- This site is optimized with the Yoast SEO plugin v20.4 - https:\/\/yoast.com\/wordpress\/plugins\/seo\/ -->\r\n<title>Festa Junina no Reserva Bellano - Itatiba\/SP - V7Brasil - Blog<\/title>\r\n<meta name=\"description\" content=\"No \u00faltimo s\u00e1bado (8), em clima de Festa Junina, a Fibra Experts inaugurou o Reserva Bellano , nosso bairro planejado em Itatiba, S\u00e3o Paulo.O evento aconteceu na Pra\u00e7a do Sol, junto \u00e0 sede da associa\u00e7\u00e3o dos moradores, e contou com a presen\u00e7a dos novos residentes e autoridades municipais.O Reserva Bellano \u00e9 mais do que um bairro. Ele representa a vis\u00e3o inovadora da Fibra Experts sobre urbanismo e nossa preocupa\u00e7\u00e3o com as pessoas. Estamos muito orgulhosos da entrega neste projeto.\" \/>\r\n<meta name=\"robots\" content=\"index, follow, max-snippet:-1, max-image-preview:large, max-video-preview:-1\" \/>\r\n<link rel=\"canonical\" href=\"https:\/\/v7brasil.com.br\/blog\/festa-junina-no-reserva-bellano-itatiba-sp\/\" \/>\r\n<meta property=\"og:locale\" content=\"pt_BR\" \/>\r\n<meta property=\"og:type\" content=\"article\" \/>\r\n<meta property=\"og:title\" content=\"Festa Junina no Reserva Bellano - Itatiba\/SP - V7Brasil - Blog\" \/>\r\n<meta property=\"og:description\" content=\"No \u00faltimo s\u00e1bado (8), em clima de Festa Junina, a Fibra Experts inaugurou o Reserva Bellano , nosso bairro planejado em Itatiba, S\u00e3o Paulo.O evento aconteceu na Pra\u00e7a do Sol, junto \u00e0 sede da associa\u00e7\u00e3o dos moradores, e contou com a presen\u00e7a dos novos residentes e autoridades municipais.O Reserva Bellano \u00e9 mais do que um bairro. Ele representa a vis\u00e3o inovadora da Fibra Experts sobre urbanismo e nossa preocupa\u00e7\u00e3o com as pessoas. Estamos muito orgulhosos da entrega neste projeto.\" \/>\r\n<meta property=\"og:url\" content=\"https:\/\/v7brasil.com.br\/blog\/festa-junina-no-reserva-bellano-itatiba-sp\/\" \/>\r\n<meta property=\"og:site_name\" content=\"V7Brasil - Blog\" \/>\r\n<meta property=\"article:published_time\" content=\"2024-06-11T13:32:57+00:00\" \/>\r\n<meta property=\"article:modified_time\" content=\"2024-06-11T13:32:59+00:00\" \/>\r\n<meta property=\"og:image\" content=\"https:\/\/v7brasil.com.br\/blog\/wp-content\/uploads\/2024\/03\/logo-link-compartilhamento.jpg\" \/>\r\n\t<meta property=\"og:image:width\" content=\"400\" \/>\r\n\t<meta property=\"og:image:height\" content=\"400\" \/>\r\n\t<meta property=\"og:image:type\" content=\"image\/jpeg\" \/>\r\n<meta name=\"author\" content=\"V7brasil\" \/>\r\n<meta name=\"twitter:card\" content=\"summary_large_image\" \/>\r\n<meta name=\"twitter:label1\" content=\"Escrito por\" \/>\n\t<meta name=\"twitter:data1\" content=\"V7brasil\" \/>\n\t<meta name=\"twitter:label2\" content=\"Est. tempo de leitura\" \/>\n\t<meta name=\"twitter:data2\" content=\"1 minuto\" \/>\r\n<script type=\"application\/ld+json\" class=\"yoast-schema-graph\">{\"@context\":\"https:\/\/schema.org\",\"@graph\":[{\"@type\":\"Article\",\"@id\":\"https:\/\/v7brasil.com.br\/blog\/festa-junina-no-reserva-bellano-itatiba-sp\/#article\",\"isPartOf\":{\"@id\":\"https:\/\/v7brasil.com.br\/blog\/festa-junina-no-reserva-bellano-itatiba-sp\/\"},\"author\":{\"name\":\"V7brasil\",\"@id\":\"https:\/\/v7brasil.com.br\/blog\/#\/schema\/person\/41b5306d4ced90720ad6652191e7fce9\"},\"headline\":\"Festa Junina no Reserva Bellano &#8211; Itatiba\/SP\",\"datePublished\":\"2024-06-11T13:32:57+00:00\",\"dateModified\":\"2024-06-11T13:32:59+00:00\",\"mainEntityOfPage\":{\"@id\":\"https:\/\/v7brasil.com.br\/blog\/festa-junina-no-reserva-bellano-itatiba-sp\/\"},\"wordCount\":114,\"commentCount\":0,\"publisher\":{\"@id\":\"https:\/\/v7brasil.com.br\/blog\/#organization\"},\"articleSection\":[\"Not\u00edcias\"],\"inLanguage\":\"pt-BR\",\"potentialAction\":[{\"@type\":\"CommentAction\",\"name\":\"Comment\",\"target\":[\"https:\/\/v7brasil.com.br\/blog\/festa-junina-no-reserva-bellano-itatiba-sp\/#respond\"]}]},{\"@type\":\"WebPage\",\"@id\":\"https:\/\/v7brasil.com.br\/blog\/festa-junina-no-reserva-bellano-itatiba-sp\/\",\"url\":\"https:\/\/v7brasil.com.br\/blog\/festa-junina-no-reserva-bellano-itatiba-sp\/\",\"name\":\"Festa Junina no Reserva Bellano - Itatiba\/SP - V7Brasil - Blog\",\"isPartOf\":{\"@id\":\"https:\/\/v7brasil.com.br\/blog\/#website\"},\"datePublished\":\"2024-06-11T13:32:57+00:00\",\"dateModified\":\"2024-06-11T13:32:59+00:00\",\"description\":\"No \u00faltimo s\u00e1bado (8), em clima de Festa Junina, a Fibra Experts inaugurou o Reserva Bellano , nosso bairro planejado em Itatiba, S\u00e3o Paulo.O evento aconteceu na Pra\u00e7a do Sol, junto \u00e0 sede da associa\u00e7\u00e3o dos moradores, e contou com a presen\u00e7a dos novos residentes e autoridades municipais.O Reserva Bellano \u00e9 mais do que um bairro. Ele representa a vis\u00e3o inovadora da Fibra Experts sobre urbanismo e nossa preocupa\u00e7\u00e3o com as pessoas. Estamos muito orgulhosos da entrega neste projeto.\",\"breadcrumb\":{\"@id\":\"https:\/\/v7brasil.com.br\/blog\/festa-junina-no-reserva-bellano-itatiba-sp\/#breadcrumb\"},\"inLanguage\":\"pt-BR\",\"potentialAction\":[{\"@type\":\"ReadAction\",\"target\":[\"https:\/\/v7brasil.com.br\/blog\/festa-junina-no-reserva-bellano-itatiba-sp\/\"]}]},{\"@type\":\"BreadcrumbList\",\"@id\":\"https:\/\/v7brasil.com.br\/blog\/festa-junina-no-reserva-bellano-itatiba-sp\/#breadcrumb\",\"itemListElement\":[{\"@type\":\"ListItem\",\"position\":1,\"name\":\"In\u00edcio\",\"item\":\"https:\/\/v7brasil.com.br\/blog\/\"},{\"@type\":\"ListItem\",\"position\":2,\"name\":\"Festa Junina no Reserva Bellano &#8211; Itatiba\/SP\"}]},{\"@type\":\"WebSite\",\"@id\":\"https:\/\/v7brasil.com.br\/blog\/#website\",\"url\":\"https:\/\/v7brasil.com.br\/blog\/\",\"name\":\"V7Brasil - Blog\",\"description\":\"Veja todas a nossas novidades sobre suporte estrat\u00e9gico e operacional para lan\u00e7amentos, vendas, treinamento de equipes e desenvolvimento de produtos\",\"publisher\":{\"@id\":\"https:\/\/v7brasil.com.br\/blog\/#organization\"},\"potentialAction\":[{\"@type\":\"SearchAction\",\"target\":{\"@type\":\"EntryPoint\",\"urlTemplate\":\"https:\/\/v7brasil.com.br\/blog\/?s={search_term_string}\"},\"query-input\":\"required name=search_term_string\"}],\"inLanguage\":\"pt-BR\"},{\"@type\":\"Organization\",\"@id\":\"https:\/\/v7brasil.com.br\/blog\/#organization\",\"name\":\"V7Brasil - Blog\",\"url\":\"https:\/\/v7brasil.com.br\/blog\/\",\"logo\":{\"@type\":\"ImageObject\",\"inLanguage\":\"pt-BR\",\"@id\":\"https:\/\/v7brasil.com.br\/blog\/#\/schema\/logo\/image\/\",\"url\":\"https:\/\/v7brasil.com.br\/blog\/wp-content\/uploads\/2023\/04\/v7-user-logo.jpg\",\"contentUrl\":\"https:\/\/v7brasil.com.br\/blog\/wp-content\/uploads\/2023\/04\/v7-user-logo.jpg\",\"width\":250,\"height\":250,\"caption\":\"V7Brasil - Blog\"},\"image\":{\"@id\":\"https:\/\/v7brasil.com.br\/blog\/#\/schema\/logo\/image\/\"},\"sameAs\":[\"https:\/\/www.youtube.com\/@v7brasilestrategiaeplaneja785\",\"https:\/\/www.instagram.com\/v7.brasil\/\",\"https:\/\/www.linkedin.com\/company\/v7brasil-estrategia-e-gesto-imobiliaria\/\"]},{\"@type\":\"Person\",\"@id\":\"https:\/\/v7brasil.com.br\/blog\/#\/schema\/person\/41b5306d4ced90720ad6652191e7fce9\",\"name\":\"V7brasil\",\"image\":{\"@type\":\"ImageObject\",\"inLanguage\":\"pt-BR\",\"@id\":\"https:\/\/v7brasil.com.br\/blog\/#\/schema\/person\/image\/\",\"url\":\"https:\/\/v7brasil.com.br\/blog\/wp-content\/uploads\/2023\/04\/v7-user-logo-96x96.jpg\",\"contentUrl\":\"https:\/\/v7brasil.com.br\/blog\/wp-content\/uploads\/2023\/04\/v7-user-logo-96x96.jpg\",\"caption\":\"V7brasil\"},\"url\":\"https:\/\/v7brasil.com.br\/blog\/author\/v7-brasil\/\"}]}<\/script>\r\n<!-- \/ Yoast SEO plugin. -->","yoast_head_json":{"title":"Festa Junina no Reserva Bellano - Itatiba\/SP - V7Brasil - Blog","description":"No \u00faltimo s\u00e1bado (8), em clima de Festa Junina, a Fibra Experts inaugurou o Reserva Bellano , nosso bairro planejado em Itatiba, S\u00e3o Paulo.O evento aconteceu na Pra\u00e7a do Sol, junto \u00e0 sede da associa\u00e7\u00e3o dos moradores, e contou com a presen\u00e7a dos novos residentes e autoridades municipais.O Reserva Bellano \u00e9 mais do que um bairro. Ele representa a vis\u00e3o inovadora da Fibra Experts sobre urbanismo e nossa preocupa\u00e7\u00e3o com as pessoas. Estamos muito orgulhosos da entrega neste projeto.","robots":{"index":"index","follow":"follow","max-snippet":"max-snippet:-1","max-image-preview":"max-image-preview:large","max-video-preview":"max-video-preview:-1"},"canonical":"https:\/\/v7brasil.com.br\/blog\/festa-junina-no-reserva-bellano-itatiba-sp\/","og_locale":"pt_BR","og_type":"article","og_title":"Festa Junina no Reserva Bellano - Itatiba\/SP - V7Brasil - Blog","og_description":"No \u00faltimo s\u00e1bado (8), em clima de Festa Junina, a Fibra Experts inaugurou o Reserva Bellano , nosso bairro planejado em Itatiba, S\u00e3o Paulo.O evento aconteceu na Pra\u00e7a do Sol, junto \u00e0 sede da associa\u00e7\u00e3o dos moradores, e contou com a presen\u00e7a dos novos residentes e autoridades municipais.O Reserva Bellano \u00e9 mais do que um bairro. Ele representa a vis\u00e3o inovadora da Fibra Experts sobre urbanismo e nossa preocupa\u00e7\u00e3o com as pessoas. Estamos muito orgulhosos da entrega neste projeto.","og_url":"https:\/\/v7brasil.com.br\/blog\/festa-junina-no-reserva-bellano-itatiba-sp\/","og_site_name":"V7Brasil - Blog","article_published_time":"2024-06-11T13:32:57+00:00","article_modified_time":"2024-06-11T13:32:59+00:00","og_image":[{"width":400,"height":400,"url":"https:\/\/v7brasil.com.br\/blog\/wp-content\/uploads\/2024\/03\/logo-link-compartilhamento.jpg","type":"image\/jpeg"}],"author":"V7brasil","twitter_card":"summary_large_image","twitter_misc":{"Escrito por":"V7brasil","Est. tempo de leitura":"1 minuto"},"schema":{"@context":"https:\/\/schema.org","@graph":[{"@type":"Article","@id":"https:\/\/v7brasil.com.br\/blog\/festa-junina-no-reserva-bellano-itatiba-sp\/#article","isPartOf":{"@id":"https:\/\/v7brasil.com.br\/blog\/festa-junina-no-reserva-bellano-itatiba-sp\/"},"author":{"name":"V7brasil","@id":"https:\/\/v7brasil.com.br\/blog\/#\/schema\/person\/41b5306d4ced90720ad6652191e7fce9"},"headline":"Festa Junina no Reserva Bellano &#8211; Itatiba\/SP","datePublished":"2024-06-11T13:32:57+00:00","dateModified":"2024-06-11T13:32:59+00:00","mainEntityOfPage":{"@id":"https:\/\/v7brasil.com.br\/blog\/festa-junina-no-reserva-bellano-itatiba-sp\/"},"wordCount":114,"commentCount":0,"publisher":{"@id":"https:\/\/v7brasil.com.br\/blog\/#organization"},"articleSection":["Not\u00edcias"],"inLanguage":"pt-BR","potentialAction":[{"@type":"CommentAction","name":"Comment","target":["https:\/\/v7brasil.com.br\/blog\/festa-junina-no-reserva-bellano-itatiba-sp\/#respond"]}]},{"@type":"WebPage","@id":"https:\/\/v7brasil.com.br\/blog\/festa-junina-no-reserva-bellano-itatiba-sp\/","url":"https:\/\/v7brasil.com.br\/blog\/festa-junina-no-reserva-bellano-itatiba-sp\/","name":"Festa Junina no Reserva Bellano - Itatiba\/SP - V7Brasil - Blog","isPartOf":{"@id":"https:\/\/v7brasil.com.br\/blog\/#website"},"datePublished":"2024-06-11T13:32:57+00:00","dateModified":"2024-06-11T13:32:59+00:00","description":"No \u00faltimo s\u00e1bado (8), em clima de Festa Junina, a Fibra Experts inaugurou o Reserva Bellano , nosso bairro planejado em Itatiba, S\u00e3o Paulo.O evento aconteceu na Pra\u00e7a do Sol, junto \u00e0 sede da associa\u00e7\u00e3o dos moradores, e contou com a presen\u00e7a dos novos residentes e autoridades municipais.O Reserva Bellano \u00e9 mais do que um bairro. Ele representa a vis\u00e3o inovadora da Fibra Experts sobre urbanismo e nossa preocupa\u00e7\u00e3o com as pessoas. Estamos muito orgulhosos da entrega neste projeto.","breadcrumb":{"@id":"https:\/\/v7brasil.com.br\/blog\/festa-junina-no-reserva-bellano-itatiba-sp\/#breadcrumb"},"inLanguage":"pt-BR","potentialAction":[{"@type":"ReadAction","target":["https:\/\/v7brasil.com.br\/blog\/festa-junina-no-reserva-bellano-itatiba-sp\/"]}]},{"@type":"BreadcrumbList","@id":"https:\/\/v7brasil.com.br\/blog\/festa-junina-no-reserva-bellano-itatiba-sp\/#breadcrumb","itemListElement":[{"@type":"ListItem","position":1,"name":"In\u00edcio","item":"https:\/\/v7brasil.com.br\/blog\/"},{"@type":"ListItem","position":2,"name":"Festa Junina no Reserva Bellano &#8211; Itatiba\/SP"}]},{"@type":"WebSite","@id":"https:\/\/v7brasil.com.br\/blog\/#website","url":"https:\/\/v7brasil.com.br\/blog\/","name":"V7Brasil - Blog","description":"Veja todas a nossas novidades sobre suporte estrat\u00e9gico e operacional para lan\u00e7amentos, vendas, treinamento de equipes e desenvolvimento de produtos","publisher":{"@id":"https:\/\/v7brasil.com.br\/blog\/#organization"},"potentialAction":[{"@type":"SearchAction","target":{"@type":"EntryPoint","urlTemplate":"https:\/\/v7brasil.com.br\/blog\/?s={search_term_string}"},"query-input":"required name=search_term_string"}],"inLanguage":"pt-BR"},{"@type":"Organization","@id":"https:\/\/v7brasil.com.br\/blog\/#organization","name":"V7Brasil - Blog","url":"https:\/\/v7brasil.com.br\/blog\/","logo":{"@type":"ImageObject","inLanguage":"pt-BR","@id":"https:\/\/v7brasil.com.br\/blog\/#\/schema\/logo\/image\/","url":"https:\/\/v7brasil.com.br\/blog\/wp-content\/uploads\/2023\/04\/v7-user-logo.jpg","contentUrl":"https:\/\/v7brasil.com.br\/blog\/wp-content\/uploads\/2023\/04\/v7-user-logo.jpg","width":250,"height":250,"caption":"V7Brasil - Blog"},"image":{"@id":"https:\/\/v7brasil.com.br\/blog\/#\/schema\/logo\/image\/"},"sameAs":["https:\/\/www.youtube.com\/@v7brasilestrategiaeplaneja785","https:\/\/www.instagram.com\/v7.brasil\/","https:\/\/www.linkedin.com\/company\/v7brasil-estrategia-e-gesto-imobiliaria\/"]},{"@type":"Person","@id":"https:\/\/v7brasil.com.br\/blog\/#\/schema\/person\/41b5306d4ced90720ad6652191e7fce9","name":"V7brasil","image":{"@type":"ImageObject","inLanguage":"pt-BR","@id":"https:\/\/v7brasil.com.br\/blog\/#\/schema\/person\/image\/","url":"https:\/\/v7brasil.com.br\/blog\/wp-content\/uploads\/2023\/04\/v7-user-logo-96x96.jpg","contentUrl":"https:\/\/v7brasil.com.br\/blog\/wp-content\/uploads\/2023\/04\/v7-user-logo-96x96.jpg","caption":"V7brasil"},"url":"https:\/\/v7brasil.com.br\/blog\/author\/v7-brasil\/"}]}},"_links":{"self":[{"href":"https:\/\/v7brasil.com.br\/blog\/wp-json\/wp\/v2\/posts\/396"}],"collection":[{"href":"https:\/\/v7brasil.com.br\/blog\/wp-json\/wp\/v2\/posts"}],"about":[{"href":"https:\/\/v7brasil.com.br\/blog\/wp-json\/wp\/v2\/types\/post"}],"author":[{"embeddable":true,"href":"https:\/\/v7brasil.com.br\/blog\/wp-json\/wp\/v2\/users\/2"}],"replies":[{"embeddable":true,"href":"https:\/\/v7brasil.com.br\/blog\/wp-json\/wp\/v2\/comments?post=396"}],"version-history":[{"count":1,"href":"https:\/\/v7brasil.com.br\/blog\/wp-json\/wp\/v2\/posts\/396\/revisions"}],"predecessor-version":[{"id":398,"href":"https:\/\/v7brasil.com.br\/blog\/wp-json\/wp\/v2\/posts\/396\/revisions\/398"}],"wp:attachment":[{"href":"https:\/\/v7brasil.com.br\/blog\/wp-json\/wp\/v2\/media?parent=396"}],"wp:term":[{"taxonomy":"category","embeddable":true,"href":"https:\/\/v7brasil.com.br\/blog\/wp-json\/wp\/v2\/categories?post=396"},{"taxonomy":"post_tag","embeddable":true,"href":"https:\/\/v7brasil.com.br\/blog\/wp-json\/wp\/v2\/tags?post=396"}],"curies":[{"name":"wp","href":"https:\/\/api.w.org\/{rel}","templated":true}]}}