{"id":148,"date":"2024-02-27T13:32:29","date_gmt":"2024-02-27T16:32:29","guid":{"rendered":"https:\/\/v7brasil.com.br\/blog\/?p=148"},"modified":"2024-02-27T13:32:29","modified_gmt":"2024-02-27T16:32:29","slug":"vem-para-o-vida-bela-bairro-planejado-itapevi","status":"publish","type":"post","link":"https:\/\/v7brasil.com.br\/blog\/vem-para-o-vida-bela-bairro-planejado-itapevi\/","title":{"rendered":"Vem para o Vida Bela &#8211; Bairro Planejado Itapevi"},"content":{"rendered":"\n<p>Infraestrutura completa, localiza\u00e7\u00e3o estrat\u00e9gica e lotes no tamanho ideal que se adaptam ao momento e necessidade do seu neg\u00f3cio.<\/p>\n\n\n\n<p>Venha para o Vida Bela Empresarial!<\/p>\n\n\n\n<p>Realiza\u00e7\u00e3o:&nbsp;<a href=\"https:\/\/www.instagram.com\/independenciaemp\/\">@independenciaemp<\/a><br>Planejamento e gest\u00e3o comercial: V7brasil<\/p>\n","protected":false},"excerpt":{"rendered":"<p>Infraestrutura completa, localiza\u00e7\u00e3o estrat\u00e9gica e lotes no tamanho ideal que se adaptam ao momento e necessidade do seu neg\u00f3cio. Venha para o Vida Bela Empresarial! Realiza\u00e7\u00e3o:&nbsp;@independenciaempPlanejamento e gest\u00e3o comercial: V7brasil<\/p>\n","protected":false},"author":2,"featured_media":151,"comment_status":"open","ping_status":"open","sticky":false,"template":"","format":"standard","meta":{"footnotes":""},"categories":[4],"tags":[],"yoast_head":"<!-- This site is optimized with the Yoast SEO plugin v20.4 - https:\/\/yoast.com\/wordpress\/plugins\/seo\/ -->\r\n<title>Vem para o Vida Bela - Bairro Planejado Itapevi - V7Brasil - Blog<\/title>\r\n<meta name=\"description\" content=\"Realiza\u00e7\u00e3o: @independenciaempPlanejamento e gest\u00e3o comercial: V7brasil\" \/>\r\n<meta name=\"robots\" content=\"index, follow, max-snippet:-1, max-image-preview:large, max-video-preview:-1\" \/>\r\n<link rel=\"canonical\" href=\"https:\/\/v7brasil.com.br\/blog\/vem-para-o-vida-bela-bairro-planejado-itapevi\/\" \/>\r\n<meta property=\"og:locale\" content=\"pt_BR\" \/>\r\n<meta property=\"og:type\" content=\"article\" \/>\r\n<meta property=\"og:title\" content=\"Vem para o Vida Bela - Bairro Planejado Itapevi - V7Brasil - Blog\" \/>\r\n<meta property=\"og:description\" content=\"Realiza\u00e7\u00e3o: @independenciaempPlanejamento e gest\u00e3o comercial: V7brasil\" \/>\r\n<meta property=\"og:url\" content=\"https:\/\/v7brasil.com.br\/blog\/vem-para-o-vida-bela-bairro-planejado-itapevi\/\" \/>\r\n<meta property=\"og:site_name\" content=\"V7Brasil - Blog\" \/>\r\n<meta property=\"article:published_time\" content=\"2024-02-27T16:32:29+00:00\" \/>\r\n<meta property=\"og:image\" content=\"https:\/\/v7brasil.com.br\/blog\/wp-content\/uploads\/2024\/02\/Snapinsta.app_347512212_167154159649874_6580693679946362283_n_1080-1.jpg\" \/>\r\n\t<meta property=\"og:image:width\" content=\"1064\" \/>\r\n\t<meta property=\"og:image:height\" content=\"1064\" \/>\r\n\t<meta property=\"og:image:type\" content=\"image\/jpeg\" \/>\r\n<meta name=\"author\" content=\"V7brasil\" \/>\r\n<meta name=\"twitter:card\" content=\"summary_large_image\" \/>\r\n<meta name=\"twitter:label1\" content=\"Escrito por\" \/>\n\t<meta name=\"twitter:data1\" content=\"V7brasil\" \/>\n\t<meta name=\"twitter:label2\" content=\"Est. tempo de leitura\" \/>\n\t<meta name=\"twitter:data2\" content=\"1 minuto\" \/>\r\n<script type=\"application\/ld+json\" class=\"yoast-schema-graph\">{\"@context\":\"https:\/\/schema.org\",\"@graph\":[{\"@type\":\"Article\",\"@id\":\"https:\/\/v7brasil.com.br\/blog\/vem-para-o-vida-bela-bairro-planejado-itapevi\/#article\",\"isPartOf\":{\"@id\":\"https:\/\/v7brasil.com.br\/blog\/vem-para-o-vida-bela-bairro-planejado-itapevi\/\"},\"author\":{\"name\":\"V7brasil\",\"@id\":\"https:\/\/v7brasil.com.br\/blog\/#\/schema\/person\/41b5306d4ced90720ad6652191e7fce9\"},\"headline\":\"Vem para o Vida Bela &#8211; Bairro Planejado Itapevi\",\"datePublished\":\"2024-02-27T16:32:29+00:00\",\"dateModified\":\"2024-02-27T16:32:29+00:00\",\"mainEntityOfPage\":{\"@id\":\"https:\/\/v7brasil.com.br\/blog\/vem-para-o-vida-bela-bairro-planejado-itapevi\/\"},\"wordCount\":48,\"commentCount\":0,\"publisher\":{\"@id\":\"https:\/\/v7brasil.com.br\/blog\/#organization\"},\"articleSection\":[\"Parcerias\"],\"inLanguage\":\"pt-BR\",\"potentialAction\":[{\"@type\":\"CommentAction\",\"name\":\"Comment\",\"target\":[\"https:\/\/v7brasil.com.br\/blog\/vem-para-o-vida-bela-bairro-planejado-itapevi\/#respond\"]}]},{\"@type\":\"WebPage\",\"@id\":\"https:\/\/v7brasil.com.br\/blog\/vem-para-o-vida-bela-bairro-planejado-itapevi\/\",\"url\":\"https:\/\/v7brasil.com.br\/blog\/vem-para-o-vida-bela-bairro-planejado-itapevi\/\",\"name\":\"Vem para o Vida Bela - Bairro Planejado Itapevi - V7Brasil - Blog\",\"isPartOf\":{\"@id\":\"https:\/\/v7brasil.com.br\/blog\/#website\"},\"datePublished\":\"2024-02-27T16:32:29+00:00\",\"dateModified\":\"2024-02-27T16:32:29+00:00\",\"description\":\"Realiza\u00e7\u00e3o: @independenciaempPlanejamento e gest\u00e3o comercial: V7brasil\",\"breadcrumb\":{\"@id\":\"https:\/\/v7brasil.com.br\/blog\/vem-para-o-vida-bela-bairro-planejado-itapevi\/#breadcrumb\"},\"inLanguage\":\"pt-BR\",\"potentialAction\":[{\"@type\":\"ReadAction\",\"target\":[\"https:\/\/v7brasil.com.br\/blog\/vem-para-o-vida-bela-bairro-planejado-itapevi\/\"]}]},{\"@type\":\"BreadcrumbList\",\"@id\":\"https:\/\/v7brasil.com.br\/blog\/vem-para-o-vida-bela-bairro-planejado-itapevi\/#breadcrumb\",\"itemListElement\":[{\"@type\":\"ListItem\",\"position\":1,\"name\":\"In\u00edcio\",\"item\":\"https:\/\/v7brasil.com.br\/blog\/\"},{\"@type\":\"ListItem\",\"position\":2,\"name\":\"Vem para o Vida Bela &#8211; Bairro Planejado Itapevi\"}]},{\"@type\":\"WebSite\",\"@id\":\"https:\/\/v7brasil.com.br\/blog\/#website\",\"url\":\"https:\/\/v7brasil.com.br\/blog\/\",\"name\":\"V7Brasil - Blog\",\"description\":\"Veja todas a nossas novidades sobre suporte estrat\u00e9gico e operacional para lan\u00e7amentos, vendas, treinamento de equipes e desenvolvimento de produtos\",\"publisher\":{\"@id\":\"https:\/\/v7brasil.com.br\/blog\/#organization\"},\"potentialAction\":[{\"@type\":\"SearchAction\",\"target\":{\"@type\":\"EntryPoint\",\"urlTemplate\":\"https:\/\/v7brasil.com.br\/blog\/?s={search_term_string}\"},\"query-input\":\"required name=search_term_string\"}],\"inLanguage\":\"pt-BR\"},{\"@type\":\"Organization\",\"@id\":\"https:\/\/v7brasil.com.br\/blog\/#organization\",\"name\":\"V7Brasil - Blog\",\"url\":\"https:\/\/v7brasil.com.br\/blog\/\",\"logo\":{\"@type\":\"ImageObject\",\"inLanguage\":\"pt-BR\",\"@id\":\"https:\/\/v7brasil.com.br\/blog\/#\/schema\/logo\/image\/\",\"url\":\"https:\/\/v7brasil.com.br\/blog\/wp-content\/uploads\/2023\/04\/v7-user-logo.jpg\",\"contentUrl\":\"https:\/\/v7brasil.com.br\/blog\/wp-content\/uploads\/2023\/04\/v7-user-logo.jpg\",\"width\":250,\"height\":250,\"caption\":\"V7Brasil - Blog\"},\"image\":{\"@id\":\"https:\/\/v7brasil.com.br\/blog\/#\/schema\/logo\/image\/\"},\"sameAs\":[\"https:\/\/www.youtube.com\/@v7brasilestrategiaeplaneja785\",\"https:\/\/www.instagram.com\/v7.brasil\/\",\"https:\/\/www.linkedin.com\/company\/v7brasil-estrategia-e-gesto-imobiliaria\/\"]},{\"@type\":\"Person\",\"@id\":\"https:\/\/v7brasil.com.br\/blog\/#\/schema\/person\/41b5306d4ced90720ad6652191e7fce9\",\"name\":\"V7brasil\",\"image\":{\"@type\":\"ImageObject\",\"inLanguage\":\"pt-BR\",\"@id\":\"https:\/\/v7brasil.com.br\/blog\/#\/schema\/person\/image\/\",\"url\":\"https:\/\/v7brasil.com.br\/blog\/wp-content\/uploads\/2023\/04\/v7-user-logo-96x96.jpg\",\"contentUrl\":\"https:\/\/v7brasil.com.br\/blog\/wp-content\/uploads\/2023\/04\/v7-user-logo-96x96.jpg\",\"caption\":\"V7brasil\"},\"url\":\"https:\/\/v7brasil.com.br\/blog\/author\/v7-brasil\/\"}]}<\/script>\r\n<!-- \/ Yoast SEO plugin. -->","yoast_head_json":{"title":"Vem para o Vida Bela - Bairro Planejado Itapevi - V7Brasil - Blog","description":"Realiza\u00e7\u00e3o: @independenciaempPlanejamento e gest\u00e3o comercial: V7brasil","robots":{"index":"index","follow":"follow","max-snippet":"max-snippet:-1","max-image-preview":"max-image-preview:large","max-video-preview":"max-video-preview:-1"},"canonical":"https:\/\/v7brasil.com.br\/blog\/vem-para-o-vida-bela-bairro-planejado-itapevi\/","og_locale":"pt_BR","og_type":"article","og_title":"Vem para o Vida Bela - Bairro Planejado Itapevi - V7Brasil - Blog","og_description":"Realiza\u00e7\u00e3o: @independenciaempPlanejamento e gest\u00e3o comercial: V7brasil","og_url":"https:\/\/v7brasil.com.br\/blog\/vem-para-o-vida-bela-bairro-planejado-itapevi\/","og_site_name":"V7Brasil - Blog","article_published_time":"2024-02-27T16:32:29+00:00","og_image":[{"width":1064,"height":1064,"url":"https:\/\/v7brasil.com.br\/blog\/wp-content\/uploads\/2024\/02\/Snapinsta.app_347512212_167154159649874_6580693679946362283_n_1080-1.jpg","type":"image\/jpeg"}],"author":"V7brasil","twitter_card":"summary_large_image","twitter_misc":{"Escrito por":"V7brasil","Est. tempo de leitura":"1 minuto"},"schema":{"@context":"https:\/\/schema.org","@graph":[{"@type":"Article","@id":"https:\/\/v7brasil.com.br\/blog\/vem-para-o-vida-bela-bairro-planejado-itapevi\/#article","isPartOf":{"@id":"https:\/\/v7brasil.com.br\/blog\/vem-para-o-vida-bela-bairro-planejado-itapevi\/"},"author":{"name":"V7brasil","@id":"https:\/\/v7brasil.com.br\/blog\/#\/schema\/person\/41b5306d4ced90720ad6652191e7fce9"},"headline":"Vem para o Vida Bela &#8211; Bairro Planejado Itapevi","datePublished":"2024-02-27T16:32:29+00:00","dateModified":"2024-02-27T16:32:29+00:00","mainEntityOfPage":{"@id":"https:\/\/v7brasil.com.br\/blog\/vem-para-o-vida-bela-bairro-planejado-itapevi\/"},"wordCount":48,"commentCount":0,"publisher":{"@id":"https:\/\/v7brasil.com.br\/blog\/#organization"},"articleSection":["Parcerias"],"inLanguage":"pt-BR","potentialAction":[{"@type":"CommentAction","name":"Comment","target":["https:\/\/v7brasil.com.br\/blog\/vem-para-o-vida-bela-bairro-planejado-itapevi\/#respond"]}]},{"@type":"WebPage","@id":"https:\/\/v7brasil.com.br\/blog\/vem-para-o-vida-bela-bairro-planejado-itapevi\/","url":"https:\/\/v7brasil.com.br\/blog\/vem-para-o-vida-bela-bairro-planejado-itapevi\/","name":"Vem para o Vida Bela - Bairro Planejado Itapevi - V7Brasil - Blog","isPartOf":{"@id":"https:\/\/v7brasil.com.br\/blog\/#website"},"datePublished":"2024-02-27T16:32:29+00:00","dateModified":"2024-02-27T16:32:29+00:00","description":"Realiza\u00e7\u00e3o: @independenciaempPlanejamento e gest\u00e3o comercial: V7brasil","breadcrumb":{"@id":"https:\/\/v7brasil.com.br\/blog\/vem-para-o-vida-bela-bairro-planejado-itapevi\/#breadcrumb"},"inLanguage":"pt-BR","potentialAction":[{"@type":"ReadAction","target":["https:\/\/v7brasil.com.br\/blog\/vem-para-o-vida-bela-bairro-planejado-itapevi\/"]}]},{"@type":"BreadcrumbList","@id":"https:\/\/v7brasil.com.br\/blog\/vem-para-o-vida-bela-bairro-planejado-itapevi\/#breadcrumb","itemListElement":[{"@type":"ListItem","position":1,"name":"In\u00edcio","item":"https:\/\/v7brasil.com.br\/blog\/"},{"@type":"ListItem","position":2,"name":"Vem para o Vida Bela &#8211; Bairro Planejado Itapevi"}]},{"@type":"WebSite","@id":"https:\/\/v7brasil.com.br\/blog\/#website","url":"https:\/\/v7brasil.com.br\/blog\/","name":"V7Brasil - Blog","description":"Veja todas a nossas novidades sobre suporte estrat\u00e9gico e operacional para lan\u00e7amentos, vendas, treinamento de equipes e desenvolvimento de produtos","publisher":{"@id":"https:\/\/v7brasil.com.br\/blog\/#organization"},"potentialAction":[{"@type":"SearchAction","target":{"@type":"EntryPoint","urlTemplate":"https:\/\/v7brasil.com.br\/blog\/?s={search_term_string}"},"query-input":"required name=search_term_string"}],"inLanguage":"pt-BR"},{"@type":"Organization","@id":"https:\/\/v7brasil.com.br\/blog\/#organization","name":"V7Brasil - Blog","url":"https:\/\/v7brasil.com.br\/blog\/","logo":{"@type":"ImageObject","inLanguage":"pt-BR","@id":"https:\/\/v7brasil.com.br\/blog\/#\/schema\/logo\/image\/","url":"https:\/\/v7brasil.com.br\/blog\/wp-content\/uploads\/2023\/04\/v7-user-logo.jpg","contentUrl":"https:\/\/v7brasil.com.br\/blog\/wp-content\/uploads\/2023\/04\/v7-user-logo.jpg","width":250,"height":250,"caption":"V7Brasil - Blog"},"image":{"@id":"https:\/\/v7brasil.com.br\/blog\/#\/schema\/logo\/image\/"},"sameAs":["https:\/\/www.youtube.com\/@v7brasilestrategiaeplaneja785","https:\/\/www.instagram.com\/v7.brasil\/","https:\/\/www.linkedin.com\/company\/v7brasil-estrategia-e-gesto-imobiliaria\/"]},{"@type":"Person","@id":"https:\/\/v7brasil.com.br\/blog\/#\/schema\/person\/41b5306d4ced90720ad6652191e7fce9","name":"V7brasil","image":{"@type":"ImageObject","inLanguage":"pt-BR","@id":"https:\/\/v7brasil.com.br\/blog\/#\/schema\/person\/image\/","url":"https:\/\/v7brasil.com.br\/blog\/wp-content\/uploads\/2023\/04\/v7-user-logo-96x96.jpg","contentUrl":"https:\/\/v7brasil.com.br\/blog\/wp-content\/uploads\/2023\/04\/v7-user-logo-96x96.jpg","caption":"V7brasil"},"url":"https:\/\/v7brasil.com.br\/blog\/author\/v7-brasil\/"}]}},"_links":{"self":[{"href":"https:\/\/v7brasil.com.br\/blog\/wp-json\/wp\/v2\/posts\/148"}],"collection":[{"href":"https:\/\/v7brasil.com.br\/blog\/wp-json\/wp\/v2\/posts"}],"about":[{"href":"https:\/\/v7brasil.com.br\/blog\/wp-json\/wp\/v2\/types\/post"}],"author":[{"embeddable":true,"href":"https:\/\/v7brasil.com.br\/blog\/wp-json\/wp\/v2\/users\/2"}],"replies":[{"embeddable":true,"href":"https:\/\/v7brasil.com.br\/blog\/wp-json\/wp\/v2\/comments?post=148"}],"version-history":[{"count":1,"href":"https:\/\/v7brasil.com.br\/blog\/wp-json\/wp\/v2\/posts\/148\/revisions"}],"predecessor-version":[{"id":150,"href":"https:\/\/v7brasil.com.br\/blog\/wp-json\/wp\/v2\/posts\/148\/revisions\/150"}],"wp:featuredmedia":[{"embeddable":true,"href":"https:\/\/v7brasil.com.br\/blog\/wp-json\/wp\/v2\/media\/151"}],"wp:attachment":[{"href":"https:\/\/v7brasil.com.br\/blog\/wp-json\/wp\/v2\/media?parent=148"}],"wp:term":[{"taxonomy":"category","embeddable":true,"href":"https:\/\/v7brasil.com.br\/blog\/wp-json\/wp\/v2\/categories?post=148"},{"taxonomy":"post_tag","embeddable":true,"href":"https:\/\/v7brasil.com.br\/blog\/wp-json\/wp\/v2\/tags?post=148"}],"curies":[{"name":"wp","href":"https:\/\/api.w.org\/{rel}","templated":true}]}}